{"id":3469,"date":"2017-09-01T15:16:18","date_gmt":"2017-09-01T13:16:18","guid":{"rendered":"https:\/\/www.progiclean.com\/?p=3469"},"modified":"2017-09-01T15:16:18","modified_gmt":"2017-09-01T13:16:18","slug":"issa-interclean-north-america-2","status":"publish","type":"post","link":"https:\/\/www.progiclean.com\/en\/issa-interclean-north-america-2\/","title":{"rendered":"ISSA INTERCLEAN NORTH AMERICA"},"content":{"rendered":"<p>PROGICLEAN sera pr\u00e9sent lors du salon ISSA INTERCLEAN LAS VEGAS qui se d\u00e9roulera 11-14 septembre 2017 au Las Vegas Convention Center.<\/p>\n\n\n\n<p>N\u2019h\u00e9sitez pas \u00e0 venir nous rencontrer sur le stand N\u00b01920.<\/p>\n\n\n\n<p>Plus d\u2019infos sur&nbsp;<a href=\"http:\/\/show.issa.com\/\">http:\/\/show.issa.com\/<\/a><\/p>\n\n\n\n<p>et suivez nous&nbsp;<a href=\"https:\/\/twitter.com\/Progiclean\">ICI<\/a><br><\/p>","protected":false},"excerpt":{"rendered":"<p>PROGICLEAN sera pr\u00e9sent lors du salon ISSA INTERCLEAN LAS VEGAS qui se d\u00e9roulera 11-14 septembre 2017 au Las Vegas Convention Center.<\/p>","protected":false},"author":5,"featured_media":3470,"comment_status":"closed","ping_status":"open","sticky":false,"template":"","format":"standard","meta":{"inline_featured_image":false,"footnotes":""},"categories":[14],"tags":[],"class_list":["post-3469","post","type-post","status-publish","format-standard","has-post-thumbnail","hentry","category-14"],"yoast_head":"<!-- This site is optimized with the Yoast SEO plugin v27.5 - https:\/\/yoast.com\/product\/yoast-seo-wordpress\/ -->\n<title>ISSA INTERCLEAN NORTH AMERICA - Progiclean<\/title>\n<meta name=\"description\" content=\"Progiclean va assister au salon de l&#039;ISSA Interclean ce 11 \u00e0 14 septembre. Le show se d\u00e9roulera au Nord de l&#039;Am\u00e9rique, \u00e0 Las V\u00e9gas.\" \/>\n<meta name=\"robots\" content=\"index, follow, max-snippet:-1, max-image-preview:large, max-video-preview:-1\" \/>\n<link rel=\"canonical\" href=\"https:\/\/www.progiclean.com\/en\/issa-interclean-north-america-2\/\" \/>\n<meta property=\"og:locale\" content=\"en_US\" \/>\n<meta property=\"og:type\" content=\"article\" \/>\n<meta property=\"og:title\" content=\"ISSA INTERCLEAN NORTH AMERICA - Progiclean\" \/>\n<meta property=\"og:description\" content=\"Progiclean va assister au salon de l&#039;ISSA Interclean ce 11 \u00e0 14 septembre. Le show se d\u00e9roulera au Nord de l&#039;Am\u00e9rique, \u00e0 Las V\u00e9gas.\" \/>\n<meta property=\"og:url\" content=\"https:\/\/www.progiclean.com\/en\/issa-interclean-north-america-2\/\" \/>\n<meta property=\"og:site_name\" content=\"Progiclean\" \/>\n<meta property=\"article:publisher\" content=\"https:\/\/www.facebook.com\/progiclean\/?locale=fr_FR\" \/>\n<meta property=\"article:published_time\" content=\"2017-09-01T13:16:18+00:00\" \/>\n<meta property=\"og:image\" content=\"https:\/\/www.progiclean.com\/wp-content\/uploads\/2019\/07\/issa-logo-716x300-1.png\" \/>\n\t<meta property=\"og:image:width\" content=\"716\" \/>\n\t<meta property=\"og:image:height\" content=\"300\" \/>\n\t<meta property=\"og:image:type\" content=\"image\/png\" \/>\n<meta name=\"author\" content=\"Laure\" \/>\n<meta name=\"twitter:card\" content=\"summary_large_image\" \/>\n<meta name=\"twitter:label1\" content=\"Written by\" \/>\n\t<meta name=\"twitter:data1\" content=\"Laure\" \/>\n<script type=\"application\/ld+json\" class=\"yoast-schema-graph\">{\"@context\":\"https:\\\/\\\/schema.org\",\"@graph\":[{\"@type\":\"Article\",\"@id\":\"https:\\\/\\\/www.progiclean.com\\\/issa-interclean-north-america-2\\\/#article\",\"isPartOf\":{\"@id\":\"https:\\\/\\\/www.progiclean.com\\\/issa-interclean-north-america-2\\\/\"},\"author\":{\"name\":\"Laure\",\"@id\":\"https:\\\/\\\/www.progiclean.com\\\/es\\\/#\\\/schema\\\/person\\\/c237a1009b51b1dc84d787ad273b3516\"},\"headline\":\"ISSA INTERCLEAN NORTH AMERICA\",\"datePublished\":\"2017-09-01T13:16:18+00:00\",\"mainEntityOfPage\":{\"@id\":\"https:\\\/\\\/www.progiclean.com\\\/issa-interclean-north-america-2\\\/\"},\"wordCount\":51,\"publisher\":{\"@id\":\"https:\\\/\\\/www.progiclean.com\\\/es\\\/#organization\"},\"image\":{\"@id\":\"https:\\\/\\\/www.progiclean.com\\\/issa-interclean-north-america-2\\\/#primaryimage\"},\"thumbnailUrl\":\"https:\\\/\\\/www.progiclean.com\\\/wp-content\\\/uploads\\\/2019\\\/07\\\/issa-logo-716x300-1.png\",\"articleSection\":[\"2017\"],\"inLanguage\":\"en-US\"},{\"@type\":\"WebPage\",\"@id\":\"https:\\\/\\\/www.progiclean.com\\\/issa-interclean-north-america-2\\\/\",\"url\":\"https:\\\/\\\/www.progiclean.com\\\/issa-interclean-north-america-2\\\/\",\"name\":\"ISSA INTERCLEAN NORTH AMERICA - Progiclean\",\"isPartOf\":{\"@id\":\"https:\\\/\\\/www.progiclean.com\\\/es\\\/#website\"},\"primaryImageOfPage\":{\"@id\":\"https:\\\/\\\/www.progiclean.com\\\/issa-interclean-north-america-2\\\/#primaryimage\"},\"image\":{\"@id\":\"https:\\\/\\\/www.progiclean.com\\\/issa-interclean-north-america-2\\\/#primaryimage\"},\"thumbnailUrl\":\"https:\\\/\\\/www.progiclean.com\\\/wp-content\\\/uploads\\\/2019\\\/07\\\/issa-logo-716x300-1.png\",\"datePublished\":\"2017-09-01T13:16:18+00:00\",\"description\":\"Progiclean va assister au salon de l'ISSA Interclean ce 11 \u00e0 14 septembre. Le show se d\u00e9roulera au Nord de l'Am\u00e9rique, \u00e0 Las V\u00e9gas.\",\"breadcrumb\":{\"@id\":\"https:\\\/\\\/www.progiclean.com\\\/issa-interclean-north-america-2\\\/#breadcrumb\"},\"inLanguage\":\"en-US\",\"potentialAction\":[{\"@type\":\"ReadAction\",\"target\":[\"https:\\\/\\\/www.progiclean.com\\\/issa-interclean-north-america-2\\\/\"]}]},{\"@type\":\"ImageObject\",\"inLanguage\":\"en-US\",\"@id\":\"https:\\\/\\\/www.progiclean.com\\\/issa-interclean-north-america-2\\\/#primaryimage\",\"url\":\"https:\\\/\\\/www.progiclean.com\\\/wp-content\\\/uploads\\\/2019\\\/07\\\/issa-logo-716x300-1.png\",\"contentUrl\":\"https:\\\/\\\/www.progiclean.com\\\/wp-content\\\/uploads\\\/2019\\\/07\\\/issa-logo-716x300-1.png\",\"width\":716,\"height\":300},{\"@type\":\"BreadcrumbList\",\"@id\":\"https:\\\/\\\/www.progiclean.com\\\/issa-interclean-north-america-2\\\/#breadcrumb\",\"itemListElement\":[{\"@type\":\"ListItem\",\"position\":1,\"name\":\"Accueil\",\"item\":\"https:\\\/\\\/www.progiclean.com\\\/\"},{\"@type\":\"ListItem\",\"position\":2,\"name\":\"ISSA INTERCLEAN NORTH AMERICA\"}]},{\"@type\":\"WebSite\",\"@id\":\"https:\\\/\\\/www.progiclean.com\\\/es\\\/#website\",\"url\":\"https:\\\/\\\/www.progiclean.com\\\/es\\\/\",\"name\":\"Progiclean\",\"description\":\"\",\"publisher\":{\"@id\":\"https:\\\/\\\/www.progiclean.com\\\/es\\\/#organization\"},\"potentialAction\":[{\"@type\":\"SearchAction\",\"target\":{\"@type\":\"EntryPoint\",\"urlTemplate\":\"https:\\\/\\\/www.progiclean.com\\\/es\\\/?s={search_term_string}\"},\"query-input\":{\"@type\":\"PropertyValueSpecification\",\"valueRequired\":true,\"valueName\":\"search_term_string\"}}],\"inLanguage\":\"en-US\"},{\"@type\":\"Organization\",\"@id\":\"https:\\\/\\\/www.progiclean.com\\\/es\\\/#organization\",\"name\":\"Progiclean\",\"url\":\"https:\\\/\\\/www.progiclean.com\\\/es\\\/\",\"logo\":{\"@type\":\"ImageObject\",\"inLanguage\":\"en-US\",\"@id\":\"https:\\\/\\\/www.progiclean.com\\\/es\\\/#\\\/schema\\\/logo\\\/image\\\/\",\"url\":\"https:\\\/\\\/www.progiclean.com\\\/wp-content\\\/uploads\\\/2026\\\/01\\\/Group-932.png\",\"contentUrl\":\"https:\\\/\\\/www.progiclean.com\\\/wp-content\\\/uploads\\\/2026\\\/01\\\/Group-932.png\",\"width\":158,\"height\":26,\"caption\":\"Progiclean\"},\"image\":{\"@id\":\"https:\\\/\\\/www.progiclean.com\\\/es\\\/#\\\/schema\\\/logo\\\/image\\\/\"},\"sameAs\":[\"https:\\\/\\\/www.facebook.com\\\/progiclean\\\/?locale=fr_FR\"]},{\"@type\":\"Person\",\"@id\":\"https:\\\/\\\/www.progiclean.com\\\/es\\\/#\\\/schema\\\/person\\\/c237a1009b51b1dc84d787ad273b3516\",\"name\":\"Laure\",\"image\":{\"@type\":\"ImageObject\",\"inLanguage\":\"en-US\",\"@id\":\"https:\\\/\\\/secure.gravatar.com\\\/avatar\\\/df754be39fe587a2626c31f6bd41a0d96ac5954171da9a56191581b796fd1f25?s=96&d=mm&r=g\",\"url\":\"https:\\\/\\\/secure.gravatar.com\\\/avatar\\\/df754be39fe587a2626c31f6bd41a0d96ac5954171da9a56191581b796fd1f25?s=96&d=mm&r=g\",\"contentUrl\":\"https:\\\/\\\/secure.gravatar.com\\\/avatar\\\/df754be39fe587a2626c31f6bd41a0d96ac5954171da9a56191581b796fd1f25?s=96&d=mm&r=g\",\"caption\":\"Laure\"},\"url\":\"https:\\\/\\\/www.progiclean.com\\\/en\\\/author\\\/laure\\\/\"}]}<\/script>\n<!-- \/ Yoast SEO plugin. -->","yoast_head_json":{"title":"ISSA INTERCLEAN NORTH AMERICA - Progiclean","description":"Progiclean va assister au salon de l'ISSA Interclean ce 11 \u00e0 14 septembre. Le show se d\u00e9roulera au Nord de l'Am\u00e9rique, \u00e0 Las V\u00e9gas.","robots":{"index":"index","follow":"follow","max-snippet":"max-snippet:-1","max-image-preview":"max-image-preview:large","max-video-preview":"max-video-preview:-1"},"canonical":"https:\/\/www.progiclean.com\/en\/issa-interclean-north-america-2\/","og_locale":"en_US","og_type":"article","og_title":"ISSA INTERCLEAN NORTH AMERICA - Progiclean","og_description":"Progiclean va assister au salon de l'ISSA Interclean ce 11 \u00e0 14 septembre. Le show se d\u00e9roulera au Nord de l'Am\u00e9rique, \u00e0 Las V\u00e9gas.","og_url":"https:\/\/www.progiclean.com\/en\/issa-interclean-north-america-2\/","og_site_name":"Progiclean","article_publisher":"https:\/\/www.facebook.com\/progiclean\/?locale=fr_FR","article_published_time":"2017-09-01T13:16:18+00:00","og_image":[{"width":716,"height":300,"url":"https:\/\/www.progiclean.com\/wp-content\/uploads\/2019\/07\/issa-logo-716x300-1.png","type":"image\/png"}],"author":"Laure","twitter_card":"summary_large_image","twitter_misc":{"Written by":"Laure"},"schema":{"@context":"https:\/\/schema.org","@graph":[{"@type":"Article","@id":"https:\/\/www.progiclean.com\/issa-interclean-north-america-2\/#article","isPartOf":{"@id":"https:\/\/www.progiclean.com\/issa-interclean-north-america-2\/"},"author":{"name":"Laure","@id":"https:\/\/www.progiclean.com\/es\/#\/schema\/person\/c237a1009b51b1dc84d787ad273b3516"},"headline":"ISSA INTERCLEAN NORTH AMERICA","datePublished":"2017-09-01T13:16:18+00:00","mainEntityOfPage":{"@id":"https:\/\/www.progiclean.com\/issa-interclean-north-america-2\/"},"wordCount":51,"publisher":{"@id":"https:\/\/www.progiclean.com\/es\/#organization"},"image":{"@id":"https:\/\/www.progiclean.com\/issa-interclean-north-america-2\/#primaryimage"},"thumbnailUrl":"https:\/\/www.progiclean.com\/wp-content\/uploads\/2019\/07\/issa-logo-716x300-1.png","articleSection":["2017"],"inLanguage":"en-US"},{"@type":"WebPage","@id":"https:\/\/www.progiclean.com\/issa-interclean-north-america-2\/","url":"https:\/\/www.progiclean.com\/issa-interclean-north-america-2\/","name":"ISSA INTERCLEAN NORTH AMERICA - Progiclean","isPartOf":{"@id":"https:\/\/www.progiclean.com\/es\/#website"},"primaryImageOfPage":{"@id":"https:\/\/www.progiclean.com\/issa-interclean-north-america-2\/#primaryimage"},"image":{"@id":"https:\/\/www.progiclean.com\/issa-interclean-north-america-2\/#primaryimage"},"thumbnailUrl":"https:\/\/www.progiclean.com\/wp-content\/uploads\/2019\/07\/issa-logo-716x300-1.png","datePublished":"2017-09-01T13:16:18+00:00","description":"Progiclean va assister au salon de l'ISSA Interclean ce 11 \u00e0 14 septembre. Le show se d\u00e9roulera au Nord de l'Am\u00e9rique, \u00e0 Las V\u00e9gas.","breadcrumb":{"@id":"https:\/\/www.progiclean.com\/issa-interclean-north-america-2\/#breadcrumb"},"inLanguage":"en-US","potentialAction":[{"@type":"ReadAction","target":["https:\/\/www.progiclean.com\/issa-interclean-north-america-2\/"]}]},{"@type":"ImageObject","inLanguage":"en-US","@id":"https:\/\/www.progiclean.com\/issa-interclean-north-america-2\/#primaryimage","url":"https:\/\/www.progiclean.com\/wp-content\/uploads\/2019\/07\/issa-logo-716x300-1.png","contentUrl":"https:\/\/www.progiclean.com\/wp-content\/uploads\/2019\/07\/issa-logo-716x300-1.png","width":716,"height":300},{"@type":"BreadcrumbList","@id":"https:\/\/www.progiclean.com\/issa-interclean-north-america-2\/#breadcrumb","itemListElement":[{"@type":"ListItem","position":1,"name":"Accueil","item":"https:\/\/www.progiclean.com\/"},{"@type":"ListItem","position":2,"name":"ISSA INTERCLEAN NORTH AMERICA"}]},{"@type":"WebSite","@id":"https:\/\/www.progiclean.com\/es\/#website","url":"https:\/\/www.progiclean.com\/es\/","name":"Progiclean","description":"","publisher":{"@id":"https:\/\/www.progiclean.com\/es\/#organization"},"potentialAction":[{"@type":"SearchAction","target":{"@type":"EntryPoint","urlTemplate":"https:\/\/www.progiclean.com\/es\/?s={search_term_string}"},"query-input":{"@type":"PropertyValueSpecification","valueRequired":true,"valueName":"search_term_string"}}],"inLanguage":"en-US"},{"@type":"Organization","@id":"https:\/\/www.progiclean.com\/es\/#organization","name":"Progiclean","url":"https:\/\/www.progiclean.com\/es\/","logo":{"@type":"ImageObject","inLanguage":"en-US","@id":"https:\/\/www.progiclean.com\/es\/#\/schema\/logo\/image\/","url":"https:\/\/www.progiclean.com\/wp-content\/uploads\/2026\/01\/Group-932.png","contentUrl":"https:\/\/www.progiclean.com\/wp-content\/uploads\/2026\/01\/Group-932.png","width":158,"height":26,"caption":"Progiclean"},"image":{"@id":"https:\/\/www.progiclean.com\/es\/#\/schema\/logo\/image\/"},"sameAs":["https:\/\/www.facebook.com\/progiclean\/?locale=fr_FR"]},{"@type":"Person","@id":"https:\/\/www.progiclean.com\/es\/#\/schema\/person\/c237a1009b51b1dc84d787ad273b3516","name":"Laure","image":{"@type":"ImageObject","inLanguage":"en-US","@id":"https:\/\/secure.gravatar.com\/avatar\/df754be39fe587a2626c31f6bd41a0d96ac5954171da9a56191581b796fd1f25?s=96&d=mm&r=g","url":"https:\/\/secure.gravatar.com\/avatar\/df754be39fe587a2626c31f6bd41a0d96ac5954171da9a56191581b796fd1f25?s=96&d=mm&r=g","contentUrl":"https:\/\/secure.gravatar.com\/avatar\/df754be39fe587a2626c31f6bd41a0d96ac5954171da9a56191581b796fd1f25?s=96&d=mm&r=g","caption":"Laure"},"url":"https:\/\/www.progiclean.com\/en\/author\/laure\/"}]}},"_links":{"self":[{"href":"https:\/\/www.progiclean.com\/en\/wp-json\/wp\/v2\/posts\/3469","targetHints":{"allow":["GET"]}}],"collection":[{"href":"https:\/\/www.progiclean.com\/en\/wp-json\/wp\/v2\/posts"}],"about":[{"href":"https:\/\/www.progiclean.com\/en\/wp-json\/wp\/v2\/types\/post"}],"author":[{"embeddable":true,"href":"https:\/\/www.progiclean.com\/en\/wp-json\/wp\/v2\/users\/5"}],"replies":[{"embeddable":true,"href":"https:\/\/www.progiclean.com\/en\/wp-json\/wp\/v2\/comments?post=3469"}],"version-history":[{"count":0,"href":"https:\/\/www.progiclean.com\/en\/wp-json\/wp\/v2\/posts\/3469\/revisions"}],"wp:featuredmedia":[{"embeddable":true,"href":"https:\/\/www.progiclean.com\/en\/wp-json\/wp\/v2\/media\/3470"}],"wp:attachment":[{"href":"https:\/\/www.progiclean.com\/en\/wp-json\/wp\/v2\/media?parent=3469"}],"wp:term":[{"taxonomy":"category","embeddable":true,"href":"https:\/\/www.progiclean.com\/en\/wp-json\/wp\/v2\/categories?post=3469"},{"taxonomy":"post_tag","embeddable":true,"href":"https:\/\/www.progiclean.com\/en\/wp-json\/wp\/v2\/tags?post=3469"}],"curies":[{"name":"wp","href":"https:\/\/api.w.org\/{rel}","templated":true}]}}