{"id":3449,"date":"2018-04-01T15:10:51","date_gmt":"2018-04-01T13:10:51","guid":{"rendered":"https:\/\/www.progiclean.com\/?p=3449"},"modified":"2018-04-01T15:10:51","modified_gmt":"2018-04-01T13:10:51","slug":"progiclean-exposant-lors-de-lag-de-la-fep-ouest","status":"publish","type":"post","link":"https:\/\/www.progiclean.com\/es\/progiclean-exposant-lors-de-lag-de-la-fep-ouest\/","title":{"rendered":"Progiclean exposant lors de l\u2019AG de la FEP Ouest"},"content":{"rendered":"<p>C\u2019est dans le cadre du partenariat sign\u00e9 avec la FEP Ouest (F\u00e9d\u00e9ration des Entreprises de Propret\u00e9) que nous avons particip\u00e9 \u00e0 l\u2019Assembl\u00e9e G\u00e9n\u00e9rale de la FEP Ouest qui s\u2019est tenu le 13 avril 2018 au Puy du Fou. Cela a \u00e9t\u00e9 l\u2019occasion pour nous de rencontrer les entreprises de propret\u00e9 de la r\u00e9gion Ouest et de pr\u00e9senter Progiclean notre solution de gestion pour les entreprises de nettoyage.<\/p>","protected":false},"excerpt":{"rendered":"<p>C\u2019est dans le cadre du partenariat sign\u00e9 avec la FEP Ouest (F\u00e9d\u00e9ration des Entreprises de Propret\u00e9) que nous avons particip\u00e9 \u00e0 l\u2019Assembl\u00e9e G\u00e9n\u00e9rale de la FEP Ouest qui s\u2019est tenu le 13 avril 2018 au Puy du Fou.<\/p>","protected":false},"author":5,"featured_media":3451,"comment_status":"closed","ping_status":"open","sticky":false,"template":"","format":"standard","meta":{"inline_featured_image":false,"footnotes":""},"categories":[11],"tags":[],"class_list":["post-3449","post","type-post","status-publish","format-standard","has-post-thumbnail","hentry","category-11"],"yoast_head":"<!-- This site is optimized with the Yoast SEO plugin v27.5 - https:\/\/yoast.com\/product\/yoast-seo-wordpress\/ -->\n<title>Progiclean exposant lors de l\u2019AG de la FEP Ouest - Progiclean<\/title>\n<meta name=\"description\" content=\"Progiclean a pu exposer son logiciel de gestion de nettoyage durant l&#039;AG de la FEP Ouest. En outre une rencontre avec les entreprises de propret\u00e9 de la r\u00e9gion a \u00e9t\u00e9 effectu\u00e9. Cette r\u00e9union s&#039;est tenue \u00e0 Puy du Fou le 13 avril 2018.\" \/>\n<meta name=\"robots\" content=\"index, follow, max-snippet:-1, max-image-preview:large, max-video-preview:-1\" \/>\n<link rel=\"canonical\" href=\"https:\/\/www.progiclean.com\/es\/progiclean-exposant-lors-de-lag-de-la-fep-ouest\/\" \/>\n<meta property=\"og:locale\" content=\"es_ES\" \/>\n<meta property=\"og:type\" content=\"article\" \/>\n<meta property=\"og:title\" content=\"Progiclean exposant lors de l\u2019AG de la FEP Ouest - Progiclean\" \/>\n<meta property=\"og:description\" content=\"Progiclean a pu exposer son logiciel de gestion de nettoyage durant l&#039;AG de la FEP Ouest. En outre une rencontre avec les entreprises de propret\u00e9 de la r\u00e9gion a \u00e9t\u00e9 effectu\u00e9. Cette r\u00e9union s&#039;est tenue \u00e0 Puy du Fou le 13 avril 2018.\" \/>\n<meta property=\"og:url\" content=\"https:\/\/www.progiclean.com\/es\/progiclean-exposant-lors-de-lag-de-la-fep-ouest\/\" \/>\n<meta property=\"og:site_name\" content=\"Progiclean\" \/>\n<meta property=\"article:publisher\" content=\"https:\/\/www.facebook.com\/progiclean\/?locale=fr_FR\" \/>\n<meta property=\"article:published_time\" content=\"2018-04-01T13:10:51+00:00\" \/>\n<meta property=\"og:image\" content=\"https:\/\/www.progiclean.com\/wp-content\/uploads\/2019\/07\/expo-fep-ouest-avril.jpg\" \/>\n\t<meta property=\"og:image:width\" content=\"547\" \/>\n\t<meta property=\"og:image:height\" content=\"378\" \/>\n\t<meta property=\"og:image:type\" content=\"image\/jpeg\" \/>\n<meta name=\"author\" content=\"Laure\" \/>\n<meta name=\"twitter:card\" content=\"summary_large_image\" \/>\n<meta name=\"twitter:label1\" content=\"Escrito por\" \/>\n\t<meta name=\"twitter:data1\" content=\"Laure\" \/>\n<script type=\"application\/ld+json\" class=\"yoast-schema-graph\">{\"@context\":\"https:\\\/\\\/schema.org\",\"@graph\":[{\"@type\":\"Article\",\"@id\":\"https:\\\/\\\/www.progiclean.com\\\/progiclean-exposant-lors-de-lag-de-la-fep-ouest\\\/#article\",\"isPartOf\":{\"@id\":\"https:\\\/\\\/www.progiclean.com\\\/progiclean-exposant-lors-de-lag-de-la-fep-ouest\\\/\"},\"author\":{\"name\":\"Laure\",\"@id\":\"https:\\\/\\\/www.progiclean.com\\\/es\\\/#\\\/schema\\\/person\\\/c237a1009b51b1dc84d787ad273b3516\"},\"headline\":\"Progiclean exposant lors de l\u2019AG de la FEP Ouest\",\"datePublished\":\"2018-04-01T13:10:51+00:00\",\"mainEntityOfPage\":{\"@id\":\"https:\\\/\\\/www.progiclean.com\\\/progiclean-exposant-lors-de-lag-de-la-fep-ouest\\\/\"},\"wordCount\":85,\"publisher\":{\"@id\":\"https:\\\/\\\/www.progiclean.com\\\/es\\\/#organization\"},\"image\":{\"@id\":\"https:\\\/\\\/www.progiclean.com\\\/progiclean-exposant-lors-de-lag-de-la-fep-ouest\\\/#primaryimage\"},\"thumbnailUrl\":\"https:\\\/\\\/www.progiclean.com\\\/wp-content\\\/uploads\\\/2019\\\/07\\\/expo-fep-ouest-avril.jpg\",\"articleSection\":[\"2018\"],\"inLanguage\":\"es\"},{\"@type\":\"WebPage\",\"@id\":\"https:\\\/\\\/www.progiclean.com\\\/progiclean-exposant-lors-de-lag-de-la-fep-ouest\\\/\",\"url\":\"https:\\\/\\\/www.progiclean.com\\\/progiclean-exposant-lors-de-lag-de-la-fep-ouest\\\/\",\"name\":\"Progiclean exposant lors de l\u2019AG de la FEP Ouest - Progiclean\",\"isPartOf\":{\"@id\":\"https:\\\/\\\/www.progiclean.com\\\/es\\\/#website\"},\"primaryImageOfPage\":{\"@id\":\"https:\\\/\\\/www.progiclean.com\\\/progiclean-exposant-lors-de-lag-de-la-fep-ouest\\\/#primaryimage\"},\"image\":{\"@id\":\"https:\\\/\\\/www.progiclean.com\\\/progiclean-exposant-lors-de-lag-de-la-fep-ouest\\\/#primaryimage\"},\"thumbnailUrl\":\"https:\\\/\\\/www.progiclean.com\\\/wp-content\\\/uploads\\\/2019\\\/07\\\/expo-fep-ouest-avril.jpg\",\"datePublished\":\"2018-04-01T13:10:51+00:00\",\"description\":\"Progiclean a pu exposer son logiciel de gestion de nettoyage durant l'AG de la FEP Ouest. En outre une rencontre avec les entreprises de propret\u00e9 de la r\u00e9gion a \u00e9t\u00e9 effectu\u00e9. Cette r\u00e9union s'est tenue \u00e0 Puy du Fou le 13 avril 2018.\",\"breadcrumb\":{\"@id\":\"https:\\\/\\\/www.progiclean.com\\\/progiclean-exposant-lors-de-lag-de-la-fep-ouest\\\/#breadcrumb\"},\"inLanguage\":\"es\",\"potentialAction\":[{\"@type\":\"ReadAction\",\"target\":[\"https:\\\/\\\/www.progiclean.com\\\/progiclean-exposant-lors-de-lag-de-la-fep-ouest\\\/\"]}]},{\"@type\":\"ImageObject\",\"inLanguage\":\"es\",\"@id\":\"https:\\\/\\\/www.progiclean.com\\\/progiclean-exposant-lors-de-lag-de-la-fep-ouest\\\/#primaryimage\",\"url\":\"https:\\\/\\\/www.progiclean.com\\\/wp-content\\\/uploads\\\/2019\\\/07\\\/expo-fep-ouest-avril.jpg\",\"contentUrl\":\"https:\\\/\\\/www.progiclean.com\\\/wp-content\\\/uploads\\\/2019\\\/07\\\/expo-fep-ouest-avril.jpg\",\"width\":547,\"height\":378},{\"@type\":\"BreadcrumbList\",\"@id\":\"https:\\\/\\\/www.progiclean.com\\\/progiclean-exposant-lors-de-lag-de-la-fep-ouest\\\/#breadcrumb\",\"itemListElement\":[{\"@type\":\"ListItem\",\"position\":1,\"name\":\"Accueil\",\"item\":\"https:\\\/\\\/www.progiclean.com\\\/\"},{\"@type\":\"ListItem\",\"position\":2,\"name\":\"Progiclean exposant lors de l\u2019AG de la FEP Ouest\"}]},{\"@type\":\"WebSite\",\"@id\":\"https:\\\/\\\/www.progiclean.com\\\/es\\\/#website\",\"url\":\"https:\\\/\\\/www.progiclean.com\\\/es\\\/\",\"name\":\"Progiclean\",\"description\":\"\",\"publisher\":{\"@id\":\"https:\\\/\\\/www.progiclean.com\\\/es\\\/#organization\"},\"potentialAction\":[{\"@type\":\"SearchAction\",\"target\":{\"@type\":\"EntryPoint\",\"urlTemplate\":\"https:\\\/\\\/www.progiclean.com\\\/es\\\/?s={search_term_string}\"},\"query-input\":{\"@type\":\"PropertyValueSpecification\",\"valueRequired\":true,\"valueName\":\"search_term_string\"}}],\"inLanguage\":\"es\"},{\"@type\":\"Organization\",\"@id\":\"https:\\\/\\\/www.progiclean.com\\\/es\\\/#organization\",\"name\":\"Progiclean\",\"url\":\"https:\\\/\\\/www.progiclean.com\\\/es\\\/\",\"logo\":{\"@type\":\"ImageObject\",\"inLanguage\":\"es\",\"@id\":\"https:\\\/\\\/www.progiclean.com\\\/es\\\/#\\\/schema\\\/logo\\\/image\\\/\",\"url\":\"https:\\\/\\\/www.progiclean.com\\\/wp-content\\\/uploads\\\/2026\\\/01\\\/Group-932.png\",\"contentUrl\":\"https:\\\/\\\/www.progiclean.com\\\/wp-content\\\/uploads\\\/2026\\\/01\\\/Group-932.png\",\"width\":158,\"height\":26,\"caption\":\"Progiclean\"},\"image\":{\"@id\":\"https:\\\/\\\/www.progiclean.com\\\/es\\\/#\\\/schema\\\/logo\\\/image\\\/\"},\"sameAs\":[\"https:\\\/\\\/www.facebook.com\\\/progiclean\\\/?locale=fr_FR\"]},{\"@type\":\"Person\",\"@id\":\"https:\\\/\\\/www.progiclean.com\\\/es\\\/#\\\/schema\\\/person\\\/c237a1009b51b1dc84d787ad273b3516\",\"name\":\"Laure\",\"image\":{\"@type\":\"ImageObject\",\"inLanguage\":\"es\",\"@id\":\"https:\\\/\\\/secure.gravatar.com\\\/avatar\\\/df754be39fe587a2626c31f6bd41a0d96ac5954171da9a56191581b796fd1f25?s=96&d=mm&r=g\",\"url\":\"https:\\\/\\\/secure.gravatar.com\\\/avatar\\\/df754be39fe587a2626c31f6bd41a0d96ac5954171da9a56191581b796fd1f25?s=96&d=mm&r=g\",\"contentUrl\":\"https:\\\/\\\/secure.gravatar.com\\\/avatar\\\/df754be39fe587a2626c31f6bd41a0d96ac5954171da9a56191581b796fd1f25?s=96&d=mm&r=g\",\"caption\":\"Laure\"},\"url\":\"https:\\\/\\\/www.progiclean.com\\\/es\\\/author\\\/laure\\\/\"}]}<\/script>\n<!-- \/ Yoast SEO plugin. -->","yoast_head_json":{"title":"Progiclean exposant lors de l\u2019AG de la FEP Ouest - Progiclean","description":"Progiclean a pu exposer son logiciel de gestion de nettoyage durant l'AG de la FEP Ouest. En outre une rencontre avec les entreprises de propret\u00e9 de la r\u00e9gion a \u00e9t\u00e9 effectu\u00e9. Cette r\u00e9union s'est tenue \u00e0 Puy du Fou le 13 avril 2018.","robots":{"index":"index","follow":"follow","max-snippet":"max-snippet:-1","max-image-preview":"max-image-preview:large","max-video-preview":"max-video-preview:-1"},"canonical":"https:\/\/www.progiclean.com\/es\/progiclean-exposant-lors-de-lag-de-la-fep-ouest\/","og_locale":"es_ES","og_type":"article","og_title":"Progiclean exposant lors de l\u2019AG de la FEP Ouest - Progiclean","og_description":"Progiclean a pu exposer son logiciel de gestion de nettoyage durant l'AG de la FEP Ouest. En outre une rencontre avec les entreprises de propret\u00e9 de la r\u00e9gion a \u00e9t\u00e9 effectu\u00e9. Cette r\u00e9union s'est tenue \u00e0 Puy du Fou le 13 avril 2018.","og_url":"https:\/\/www.progiclean.com\/es\/progiclean-exposant-lors-de-lag-de-la-fep-ouest\/","og_site_name":"Progiclean","article_publisher":"https:\/\/www.facebook.com\/progiclean\/?locale=fr_FR","article_published_time":"2018-04-01T13:10:51+00:00","og_image":[{"width":547,"height":378,"url":"https:\/\/www.progiclean.com\/wp-content\/uploads\/2019\/07\/expo-fep-ouest-avril.jpg","type":"image\/jpeg"}],"author":"Laure","twitter_card":"summary_large_image","twitter_misc":{"Escrito por":"Laure"},"schema":{"@context":"https:\/\/schema.org","@graph":[{"@type":"Article","@id":"https:\/\/www.progiclean.com\/progiclean-exposant-lors-de-lag-de-la-fep-ouest\/#article","isPartOf":{"@id":"https:\/\/www.progiclean.com\/progiclean-exposant-lors-de-lag-de-la-fep-ouest\/"},"author":{"name":"Laure","@id":"https:\/\/www.progiclean.com\/es\/#\/schema\/person\/c237a1009b51b1dc84d787ad273b3516"},"headline":"Progiclean exposant lors de l\u2019AG de la FEP Ouest","datePublished":"2018-04-01T13:10:51+00:00","mainEntityOfPage":{"@id":"https:\/\/www.progiclean.com\/progiclean-exposant-lors-de-lag-de-la-fep-ouest\/"},"wordCount":85,"publisher":{"@id":"https:\/\/www.progiclean.com\/es\/#organization"},"image":{"@id":"https:\/\/www.progiclean.com\/progiclean-exposant-lors-de-lag-de-la-fep-ouest\/#primaryimage"},"thumbnailUrl":"https:\/\/www.progiclean.com\/wp-content\/uploads\/2019\/07\/expo-fep-ouest-avril.jpg","articleSection":["2018"],"inLanguage":"es"},{"@type":"WebPage","@id":"https:\/\/www.progiclean.com\/progiclean-exposant-lors-de-lag-de-la-fep-ouest\/","url":"https:\/\/www.progiclean.com\/progiclean-exposant-lors-de-lag-de-la-fep-ouest\/","name":"Progiclean exposant lors de l\u2019AG de la FEP Ouest - Progiclean","isPartOf":{"@id":"https:\/\/www.progiclean.com\/es\/#website"},"primaryImageOfPage":{"@id":"https:\/\/www.progiclean.com\/progiclean-exposant-lors-de-lag-de-la-fep-ouest\/#primaryimage"},"image":{"@id":"https:\/\/www.progiclean.com\/progiclean-exposant-lors-de-lag-de-la-fep-ouest\/#primaryimage"},"thumbnailUrl":"https:\/\/www.progiclean.com\/wp-content\/uploads\/2019\/07\/expo-fep-ouest-avril.jpg","datePublished":"2018-04-01T13:10:51+00:00","description":"Progiclean a pu exposer son logiciel de gestion de nettoyage durant l'AG de la FEP Ouest. En outre une rencontre avec les entreprises de propret\u00e9 de la r\u00e9gion a \u00e9t\u00e9 effectu\u00e9. Cette r\u00e9union s'est tenue \u00e0 Puy du Fou le 13 avril 2018.","breadcrumb":{"@id":"https:\/\/www.progiclean.com\/progiclean-exposant-lors-de-lag-de-la-fep-ouest\/#breadcrumb"},"inLanguage":"es","potentialAction":[{"@type":"ReadAction","target":["https:\/\/www.progiclean.com\/progiclean-exposant-lors-de-lag-de-la-fep-ouest\/"]}]},{"@type":"ImageObject","inLanguage":"es","@id":"https:\/\/www.progiclean.com\/progiclean-exposant-lors-de-lag-de-la-fep-ouest\/#primaryimage","url":"https:\/\/www.progiclean.com\/wp-content\/uploads\/2019\/07\/expo-fep-ouest-avril.jpg","contentUrl":"https:\/\/www.progiclean.com\/wp-content\/uploads\/2019\/07\/expo-fep-ouest-avril.jpg","width":547,"height":378},{"@type":"BreadcrumbList","@id":"https:\/\/www.progiclean.com\/progiclean-exposant-lors-de-lag-de-la-fep-ouest\/#breadcrumb","itemListElement":[{"@type":"ListItem","position":1,"name":"Accueil","item":"https:\/\/www.progiclean.com\/"},{"@type":"ListItem","position":2,"name":"Progiclean exposant lors de l\u2019AG de la FEP Ouest"}]},{"@type":"WebSite","@id":"https:\/\/www.progiclean.com\/es\/#website","url":"https:\/\/www.progiclean.com\/es\/","name":"Progiclean","description":"","publisher":{"@id":"https:\/\/www.progiclean.com\/es\/#organization"},"potentialAction":[{"@type":"SearchAction","target":{"@type":"EntryPoint","urlTemplate":"https:\/\/www.progiclean.com\/es\/?s={search_term_string}"},"query-input":{"@type":"PropertyValueSpecification","valueRequired":true,"valueName":"search_term_string"}}],"inLanguage":"es"},{"@type":"Organization","@id":"https:\/\/www.progiclean.com\/es\/#organization","name":"Progiclean","url":"https:\/\/www.progiclean.com\/es\/","logo":{"@type":"ImageObject","inLanguage":"es","@id":"https:\/\/www.progiclean.com\/es\/#\/schema\/logo\/image\/","url":"https:\/\/www.progiclean.com\/wp-content\/uploads\/2026\/01\/Group-932.png","contentUrl":"https:\/\/www.progiclean.com\/wp-content\/uploads\/2026\/01\/Group-932.png","width":158,"height":26,"caption":"Progiclean"},"image":{"@id":"https:\/\/www.progiclean.com\/es\/#\/schema\/logo\/image\/"},"sameAs":["https:\/\/www.facebook.com\/progiclean\/?locale=fr_FR"]},{"@type":"Person","@id":"https:\/\/www.progiclean.com\/es\/#\/schema\/person\/c237a1009b51b1dc84d787ad273b3516","name":"Laure","image":{"@type":"ImageObject","inLanguage":"es","@id":"https:\/\/secure.gravatar.com\/avatar\/df754be39fe587a2626c31f6bd41a0d96ac5954171da9a56191581b796fd1f25?s=96&d=mm&r=g","url":"https:\/\/secure.gravatar.com\/avatar\/df754be39fe587a2626c31f6bd41a0d96ac5954171da9a56191581b796fd1f25?s=96&d=mm&r=g","contentUrl":"https:\/\/secure.gravatar.com\/avatar\/df754be39fe587a2626c31f6bd41a0d96ac5954171da9a56191581b796fd1f25?s=96&d=mm&r=g","caption":"Laure"},"url":"https:\/\/www.progiclean.com\/es\/author\/laure\/"}]}},"_links":{"self":[{"href":"https:\/\/www.progiclean.com\/es\/wp-json\/wp\/v2\/posts\/3449","targetHints":{"allow":["GET"]}}],"collection":[{"href":"https:\/\/www.progiclean.com\/es\/wp-json\/wp\/v2\/posts"}],"about":[{"href":"https:\/\/www.progiclean.com\/es\/wp-json\/wp\/v2\/types\/post"}],"author":[{"embeddable":true,"href":"https:\/\/www.progiclean.com\/es\/wp-json\/wp\/v2\/users\/5"}],"replies":[{"embeddable":true,"href":"https:\/\/www.progiclean.com\/es\/wp-json\/wp\/v2\/comments?post=3449"}],"version-history":[{"count":0,"href":"https:\/\/www.progiclean.com\/es\/wp-json\/wp\/v2\/posts\/3449\/revisions"}],"wp:featuredmedia":[{"embeddable":true,"href":"https:\/\/www.progiclean.com\/es\/wp-json\/wp\/v2\/media\/3451"}],"wp:attachment":[{"href":"https:\/\/www.progiclean.com\/es\/wp-json\/wp\/v2\/media?parent=3449"}],"wp:term":[{"taxonomy":"category","embeddable":true,"href":"https:\/\/www.progiclean.com\/es\/wp-json\/wp\/v2\/categories?post=3449"},{"taxonomy":"post_tag","embeddable":true,"href":"https:\/\/www.progiclean.com\/es\/wp-json\/wp\/v2\/tags?post=3449"}],"curies":[{"name":"wp","href":"https:\/\/api.w.org\/{rel}","templated":true}]}}